{"id":3233,"date":"2023-01-18T19:20:12","date_gmt":"2023-01-18T19:20:12","guid":{"rendered":"http:\/\/www.smll.fi\/?p=3233"},"modified":"2023-02-12T08:37:00","modified_gmt":"2023-02-12T08:37:00","slug":"ilmailun-saadosinfo-2-2-2023","status":"publish","type":"post","link":"https:\/\/www.smll.fi\/?p=3233","title":{"rendered":"Ilmailun s\u00e4\u00e4d\u00f6sinfo 2.2.2023"},"content":{"rendered":"\n<p>Tervetuloa ilmailun s\u00e4\u00e4ntelyn infotilaisuuteen torstaina 2.2.2023 klo 9-14!<\/p>\n\n\n\n<p>Kahden vuoden tauon j\u00e4lkeen j\u00e4rjestett\u00e4v\u00e4ss\u00e4 tilaisuudessa k\u00e4sitell\u00e4\u00e4n ilmailualan uusimpia s\u00e4\u00e4d\u00f6s- ja m\u00e4\u00e4r\u00e4ysmuutoksia. Aikaa varataan my\u00f6s kysymyksille ja keskustelulle.<\/p>\n\n\n\n<p>Tilaisuus j\u00e4rjestet\u00e4\u00e4n l\u00e4sn\u00e4tilaisuutena Helsingiss\u00e4, Pasilan virastokeskuksen isossa auditoriossa (Opastinsilta 12, 2. kerros).<\/p>\n\n\n\n<p><a href=\"https:\/\/link.webropolsurveys.com\/S\/E15478B5CD33EF62\">Ilmoittaudu mukaan viimeist\u00e4\u00e4n pe 27.1.2023.<\/a><\/p>\n\n\n\n<h2 class=\"wp-block-heading\">Alustava ohjelma:<\/h2>\n\n\n\n<ul class=\"wp-block-list\"><li>09.00\u201309.30 Aamukahvi<\/li><li>09.30\u201309.45 Tilaisuuden avaus, johtaja Jari P\u00f6ntinen<\/li><li>09.45\u201310.15 Ilmailulakiuudistus: U-space ja lentoestelupaprosessi, johtava asiantuntija Susanna Mets\u00e4lampi<\/li><li>10.15\u201310.45 Uutta koulutustoiminnan s\u00e4\u00e4ntelyss\u00e4, johtava asiantuntija Helena Pietil\u00e4<\/li><li>10.45\u201311.30 Harrasteilmailun uusista vaatimuksista, erityisasiantuntija Jani Hottola<\/li><li>11.30\u201312.30 Lounastauko\u00a0(omakustanteinen l\u00e4hist\u00f6n ravintoloissa)<\/li><li>12.30\u201313.00 Ilmailun kyberturvallisuuden nykyinen ja tuleva s\u00e4\u00e4ntely, johtava asiantuntija Tomi Salmenp\u00e4\u00e4<\/li><li>13.00\u201313.30 Maahuolinnan s\u00e4\u00e4ntelyst\u00e4, erityisasiantuntija Pasi Piirainen<\/li><li>13.30\u201314.00 Kysymyksi\u00e4 ja keskustelua<\/li><\/ul>\n\n\n\n<p>Esitysmateriaalit ova <a href=\"https:\/\/www.traficom.fi\/fi\/ajankohtaista\/tilaisuudet\/ilmailun-saadosinfo-222023\" target=\"_blank\" rel=\"noreferrer noopener\">t\u00e4\u00e4ll\u00e4<\/a>.<\/p>\n\n\n\n<figure class=\"wp-block-pullquote\"><blockquote><p>Lis\u00e4tietoja<\/p><p>lakimies Leila Iikkanen, leila.iikkanen@traficom.fi, p. 029 534 6039<\/p><\/blockquote><\/figure>\n","protected":false},"excerpt":{"rendered":"<p>Tervetuloa ilmailun s\u00e4\u00e4ntelyn infotilaisuuteen torstaina 2.2.2023 klo 9-14! Kahden vuoden tauon j\u00e4lkeen j\u00e4rjestett\u00e4v\u00e4ss\u00e4 tilaisuudessa k\u00e4sitell\u00e4\u00e4n ilmailualan uusimpia s\u00e4\u00e4d\u00f6s- ja m\u00e4\u00e4r\u00e4ysmuutoksia. Aikaa varataan my\u00f6s kysymyksille ja keskustelulle. Tilaisuus j\u00e4rjestet\u00e4\u00e4n l\u00e4sn\u00e4tilaisuutena Helsingiss\u00e4, Pasilan virastokeskuksen isossa auditoriossa (Opastinsilta 12, 2. kerros). Ilmoittaudu mukaan viimeist\u00e4\u00e4n pe 27.1.2023. Alustava ohjelma: 09.00\u201309.30 Aamukahvi 09.30\u201309.45 Tilaisuuden avaus, johtaja Jari P\u00f6ntinen 09.45\u201310.15 Ilmailulakiuudistus: &hellip; <\/p>\n<p><a class=\"more-link btn\" href=\"https:\/\/www.smll.fi\/?p=3233\">Jatka lukemista<\/a><\/p>\n","protected":false},"author":2,"featured_media":3211,"comment_status":"closed","ping_status":"open","sticky":false,"template":"","format":"standard","meta":{"footnotes":""},"categories":[1],"tags":[],"class_list":["post-3233","post","type-post","status-publish","format-standard","has-post-thumbnail","hentry","category-uncategorized","item-wrap"],"_links":{"self":[{"href":"https:\/\/www.smll.fi\/index.php?rest_route=\/wp\/v2\/posts\/3233","targetHints":{"allow":["GET"]}}],"collection":[{"href":"https:\/\/www.smll.fi\/index.php?rest_route=\/wp\/v2\/posts"}],"about":[{"href":"https:\/\/www.smll.fi\/index.php?rest_route=\/wp\/v2\/types\/post"}],"author":[{"embeddable":true,"href":"https:\/\/www.smll.fi\/index.php?rest_route=\/wp\/v2\/users\/2"}],"replies":[{"embeddable":true,"href":"https:\/\/www.smll.fi\/index.php?rest_route=%2Fwp%2Fv2%2Fcomments&post=3233"}],"version-history":[{"count":2,"href":"https:\/\/www.smll.fi\/index.php?rest_route=\/wp\/v2\/posts\/3233\/revisions"}],"predecessor-version":[{"id":3245,"href":"https:\/\/www.smll.fi\/index.php?rest_route=\/wp\/v2\/posts\/3233\/revisions\/3245"}],"wp:featuredmedia":[{"embeddable":true,"href":"https:\/\/www.smll.fi\/index.php?rest_route=\/wp\/v2\/media\/3211"}],"wp:attachment":[{"href":"https:\/\/www.smll.fi\/index.php?rest_route=%2Fwp%2Fv2%2Fmedia&parent=3233"}],"wp:term":[{"taxonomy":"category","embeddable":true,"href":"https:\/\/www.smll.fi\/index.php?rest_route=%2Fwp%2Fv2%2Fcategories&post=3233"},{"taxonomy":"post_tag","embeddable":true,"href":"https:\/\/www.smll.fi\/index.php?rest_route=%2Fwp%2Fv2%2Ftags&post=3233"}],"curies":[{"name":"wp","href":"https:\/\/api.w.org\/{rel}","templated":true}]}}