{"id":3230,"date":"2023-01-05T22:50:38","date_gmt":"2023-01-05T22:50:38","guid":{"rendered":"http:\/\/www.smll.fi\/?p=3230"},"modified":"2023-02-12T08:37:59","modified_gmt":"2023-02-12T08:37:59","slug":"ilmatilan-hallinnan-seminaari-17-1-2023","status":"publish","type":"post","link":"https:\/\/www.smll.fi\/?p=3230","title":{"rendered":"Ilmatilan hallinnan seminaari 17.1.2023"},"content":{"rendered":"\n<p>Tervetuloa Traficom j\u00e4rjest\u00e4m\u00e4\u00e4n ilmatilan hallinnan seminaarin tiistaina 17.1 klo 12\u201316!<\/p>\n\n\n\n<p>Tilaisuudessa k\u00e4sitell\u00e4\u00e4n ilmatilan hallintaan liittyvi\u00e4 ajankohtaisia asioita ja kuullaan ilmatilan k\u00e4ytt\u00e4jien kokemuksia ja tarpeita. Tilaisuus j\u00e4rjestet\u00e4\u00e4n Pasilan virastokeskuksen auditoriossa, osoitteessa Opastinsilta 12.<\/p>\n\n\n\n<p>Alustava ohjelma<\/p>\n\n\n\n<ul class=\"wp-block-list\"><li>Avauspuheenvuorot, liikenne- ja viestint\u00e4ministeri\u00f6 ja Traficom<\/li><li>S\u00e4\u00e4ntelyn ja ilmatilan ajankohtaiset sek\u00e4&nbsp;U-Space, Traficom<\/li><li>Fintrafficin puheenvuoro<\/li><li>Ilmavoimien puheenvuoro<\/li><li>Tauko<\/li><li>Ilmatilan k\u00e4ytt\u00e4jien kokemuksia (mm. Finnair, Ilmailuliitto, SMLL)<\/li><li>Keskustelua<\/li><li>Seminaarin p\u00e4\u00e4t\u00f6s<\/li><\/ul>\n\n\n\n<p>L\u00e4mpim\u00e4sti tervetuloa!<\/p>\n\n\n\n<p>Esitysmateriaalit ovat <a href=\"https:\/\/www.traficom.fi\/fi\/ajankohtaista\/tilaisuudet\/ilmatilan-hallinnan-seminaari-1712023\" target=\"_blank\" rel=\"noreferrer noopener\">t\u00e4\u00e4ll\u00e4<\/a>.<\/p>\n\n\n\n<h2 class=\"wp-block-heading\">Lis\u00e4tietoja<\/h2>\n\n\n\n<p>erityisasiantuntija Jani Luiro, jani.luiro@traficom.fi, p. 029 534 5140<\/p>\n\n\n<div class=\"wp-block-image\">\n<figure class=\"aligncenter size-full\"><img loading=\"lazy\" decoding=\"async\" width=\"254\" height=\"57\" src=\"http:\/\/www.smll.fi\/wp-content\/uploads\/2022\/10\/Traficom_blue.png\" alt=\"\" class=\"wp-image-3211\"\/><\/figure><\/div>","protected":false},"excerpt":{"rendered":"<p>Tervetuloa Traficom j\u00e4rjest\u00e4m\u00e4\u00e4n ilmatilan hallinnan seminaarin tiistaina 17.1 klo 12\u201316! Tilaisuudessa k\u00e4sitell\u00e4\u00e4n ilmatilan hallintaan liittyvi\u00e4 ajankohtaisia asioita ja kuullaan ilmatilan k\u00e4ytt\u00e4jien kokemuksia ja tarpeita. Tilaisuus j\u00e4rjestet\u00e4\u00e4n Pasilan virastokeskuksen auditoriossa, osoitteessa Opastinsilta 12. Alustava ohjelma Avauspuheenvuorot, liikenne- ja viestint\u00e4ministeri\u00f6 ja Traficom S\u00e4\u00e4ntelyn ja ilmatilan ajankohtaiset sek\u00e4&nbsp;U-Space, Traficom Fintrafficin puheenvuoro Ilmavoimien puheenvuoro Tauko Ilmatilan k\u00e4ytt\u00e4jien kokemuksia (mm. &hellip; <\/p>\n<p><a class=\"more-link btn\" href=\"https:\/\/www.smll.fi\/?p=3230\">Jatka lukemista<\/a><\/p>\n","protected":false},"author":2,"featured_media":3211,"comment_status":"closed","ping_status":"open","sticky":false,"template":"","format":"standard","meta":{"footnotes":""},"categories":[1],"tags":[],"class_list":["post-3230","post","type-post","status-publish","format-standard","has-post-thumbnail","hentry","category-uncategorized","item-wrap"],"_links":{"self":[{"href":"https:\/\/www.smll.fi\/index.php?rest_route=\/wp\/v2\/posts\/3230","targetHints":{"allow":["GET"]}}],"collection":[{"href":"https:\/\/www.smll.fi\/index.php?rest_route=\/wp\/v2\/posts"}],"about":[{"href":"https:\/\/www.smll.fi\/index.php?rest_route=\/wp\/v2\/types\/post"}],"author":[{"embeddable":true,"href":"https:\/\/www.smll.fi\/index.php?rest_route=\/wp\/v2\/users\/2"}],"replies":[{"embeddable":true,"href":"https:\/\/www.smll.fi\/index.php?rest_route=%2Fwp%2Fv2%2Fcomments&post=3230"}],"version-history":[{"count":2,"href":"https:\/\/www.smll.fi\/index.php?rest_route=\/wp\/v2\/posts\/3230\/revisions"}],"predecessor-version":[{"id":3246,"href":"https:\/\/www.smll.fi\/index.php?rest_route=\/wp\/v2\/posts\/3230\/revisions\/3246"}],"wp:featuredmedia":[{"embeddable":true,"href":"https:\/\/www.smll.fi\/index.php?rest_route=\/wp\/v2\/media\/3211"}],"wp:attachment":[{"href":"https:\/\/www.smll.fi\/index.php?rest_route=%2Fwp%2Fv2%2Fmedia&parent=3230"}],"wp:term":[{"taxonomy":"category","embeddable":true,"href":"https:\/\/www.smll.fi\/index.php?rest_route=%2Fwp%2Fv2%2Fcategories&post=3230"},{"taxonomy":"post_tag","embeddable":true,"href":"https:\/\/www.smll.fi\/index.php?rest_route=%2Fwp%2Fv2%2Ftags&post=3230"}],"curies":[{"name":"wp","href":"https:\/\/api.w.org\/{rel}","templated":true}]}}