{"id":2257,"date":"2019-01-25T21:49:00","date_gmt":"2019-01-25T18:49:00","guid":{"rendered":"http:\/\/www.smll.fi\/?p=2257"},"modified":"2019-01-25T21:49:00","modified_gmt":"2019-01-25T18:49:00","slug":"muutettu-ilmailumaarays-lentomiehistoa-koskevien-komission-asetukseen-1178-2011-sisaltyvien-saannosten-soveltaminen-suomessa-gen-m1-9","status":"publish","type":"post","link":"https:\/\/www.smll.fi\/?p=2257","title":{"rendered":"Muutettu ilmailum\u00e4\u00e4r\u00e4ys: Lentomiehist\u00f6\u00e4 koskevien komission asetukseen 1178\/2011 sis\u00e4ltyvien s\u00e4\u00e4nn\u00f6sten soveltaminen Suomessa (GEN M1-9)"},"content":{"rendered":"<p><a href=\"http:\/\/www.smll.fi\/wp-content\/uploads\/2018\/12\/2.png\"><img loading=\"lazy\" decoding=\"async\" class=\"aligncenter size-full wp-image-2240\" src=\"http:\/\/www.smll.fi\/wp-content\/uploads\/2018\/12\/2.png\" alt=\"\" width=\"600\" height=\"207\" \/><\/a>Liikenne- ja viestint\u00e4viraston 25.1.2019 antamalla ja 26.1. voimaan tulevalla m\u00e4\u00e4r\u00e4yksell\u00e4 muutetaan aiempaa samannimist\u00e4 m\u00e4\u00e4r\u00e4yst\u00e4 vuodelta 2018. M\u00e4\u00e4r\u00e4ys ei edellyt\u00e4 asiakkailta toimenpiteit\u00e4, vaan siin\u00e4 otetaan\u00a0 k\u00e4ytt\u00f6\u00f6n uuden EU-asetusmuutoksen mahdollistama siirtym\u00e4aika unionin ulkopuolisten maiden lupakirjoille\u00a0 ei-kaupallisessa lentotoiminnassa.<\/p>\n<p>M\u00e4\u00e4r\u00e4ykseen tehdyt muutokset johtuvat 9.1. voimaan tulleesta EU-asetuksesta <a class=\"undefined AnchorTextOwner Anchor__StyledSmartLink-sc-197eshd-0 bLWEWR SmartLink-ak31su-0 lhxUkl\" lang=\"\" href=\"https:\/\/eur-lex.europa.eu\/legal-content\/FI\/TXT\/?qid=1548425217586&amp;uri=CELEX:32018R1974\" target=\"_blank\" rel=\"noopener noreferrer\" hreflang=\"\"><span class=\"Anchor__Text-sc-197eshd-1 vQqqX\"><span class=\"Anchor__TextContent-sc-197eshd-2 cuSOik\">2018\/1974<\/span><\/span><\/a>. Siin\u00e4 annetaan j\u00e4senvaltioille mahdollisuus jatkaa 20.6.2020 asti siirtym\u00e4aikaa lentomiehist\u00f6asetuksen <a href=\"https:\/\/eur-lex.europa.eu\/legal-content\/FI\/TXT\/PDF\/?uri=CELEX:02011R1178-20140403&amp;from=EN\">1178\/2011<\/a> soveltamiselle lent\u00e4jiin, joilla on unionin ulkopuolisen maan my\u00f6nt\u00e4m\u00e4 lupakirja ja l\u00e4\u00e4ketieteellinen kelpoisuustodistus ja jotka osallistuvat muuhun kuin kaupalliseen lentotoimintaan EU:n j\u00e4senvaltioissa rekister\u00f6idyill\u00e4 tai EU-alueelle sijoittautuneen lentotoiminnan harjoittajan k\u00e4ytt\u00e4mill\u00e4 ilma-aluksilla. Suomessa periaatteena on ollut ottaa ilmailualan EU-asetusten mahdollistamat siirtym\u00e4ajat k\u00e4ytt\u00f6\u00f6n t\u00e4ysim\u00e4\u00e4r\u00e4isin\u00e4.<\/p>\n<p><a href=\"https:\/\/www.traficom.fi\/fi\/ajankohtaista\/muutettu-ilmailumaarays-lentomiehistoa-koskevien-komission-asetukseen-11782011\">Tarkemmin TrafiComin sivuilla.<\/a><\/p>","protected":false},"excerpt":{"rendered":"<p>Liikenne- ja viestint\u00e4viraston 25.1.2019 antamalla ja 26.1. voimaan tulevalla m\u00e4\u00e4r\u00e4yksell\u00e4 muutetaan aiempaa samannimist\u00e4 m\u00e4\u00e4r\u00e4yst\u00e4 vuodelta 2018. M\u00e4\u00e4r\u00e4ys ei edellyt\u00e4 asiakkailta toimenpiteit\u00e4, vaan siin\u00e4 otetaan\u00a0 k\u00e4ytt\u00f6\u00f6n uuden EU-asetusmuutoksen mahdollistama siirtym\u00e4aika unionin ulkopuolisten maiden lupakirjoille\u00a0 ei-kaupallisessa lentotoiminnassa. M\u00e4\u00e4r\u00e4ykseen tehdyt muutokset johtuvat 9.1. voimaan tulleesta EU-asetuksesta 2018\/1974. Siin\u00e4 annetaan j\u00e4senvaltioille mahdollisuus jatkaa 20.6.2020 asti siirtym\u00e4aikaa lentomiehist\u00f6asetuksen 1178\/2011 soveltamiselle &hellip; <\/p>\n<p><a class=\"more-link btn\" href=\"https:\/\/www.smll.fi\/?p=2257\">Jatka lukemista<\/a><\/p>\n","protected":false},"author":1,"featured_media":0,"comment_status":"closed","ping_status":"closed","sticky":false,"template":"","format":"standard","meta":{"footnotes":""},"categories":[2],"tags":[],"class_list":["post-2257","post","type-post","status-publish","format-standard","hentry","category-yleinen","item-wrap"],"_links":{"self":[{"href":"https:\/\/www.smll.fi\/index.php?rest_route=\/wp\/v2\/posts\/2257","targetHints":{"allow":["GET"]}}],"collection":[{"href":"https:\/\/www.smll.fi\/index.php?rest_route=\/wp\/v2\/posts"}],"about":[{"href":"https:\/\/www.smll.fi\/index.php?rest_route=\/wp\/v2\/types\/post"}],"author":[{"embeddable":true,"href":"https:\/\/www.smll.fi\/index.php?rest_route=\/wp\/v2\/users\/1"}],"replies":[{"embeddable":true,"href":"https:\/\/www.smll.fi\/index.php?rest_route=%2Fwp%2Fv2%2Fcomments&post=2257"}],"version-history":[{"count":0,"href":"https:\/\/www.smll.fi\/index.php?rest_route=\/wp\/v2\/posts\/2257\/revisions"}],"wp:attachment":[{"href":"https:\/\/www.smll.fi\/index.php?rest_route=%2Fwp%2Fv2%2Fmedia&parent=2257"}],"wp:term":[{"taxonomy":"category","embeddable":true,"href":"https:\/\/www.smll.fi\/index.php?rest_route=%2Fwp%2Fv2%2Fcategories&post=2257"},{"taxonomy":"post_tag","embeddable":true,"href":"https:\/\/www.smll.fi\/index.php?rest_route=%2Fwp%2Fv2%2Ftags&post=2257"}],"curies":[{"name":"wp","href":"https:\/\/api.w.org\/{rel}","templated":true}]}}