{"id":722,"date":"2014-01-25T01:18:59","date_gmt":"2014-01-24T22:18:59","guid":{"rendered":"http:\/\/www.smll.fi\/?p=722"},"modified":"2014-01-25T01:18:59","modified_gmt":"2014-01-24T22:18:59","slug":"ongelmat-eu-asetuksen-10792012-tulkinnasta-saksassa","status":"publish","type":"post","link":"http:\/\/www.smll.fi\/?p=722","title":{"rendered":"Ongelmat EU-asetuksen 1079\/2012 tulkinnasta Saksassa"},"content":{"rendered":"<p>EU-asetuksen 1079\/2012 mukaan ilma-alukset on varustettava 8,33 kHz:n kanavajaolla olevilla COM-radioilla l\u00e4hivuosina. IFR-lentoja suorittavilla koneilla m\u00e4\u00e4r\u00e4aika meni umpeen 31.12.2013, mik\u00e4li ne lent\u00e4v\u00e4t A-, B- ja C-ilmatiloissa. EU-direktiiviss\u00e4 vaaditaan koneeseen vain yksi 8,33 kHz:n kanavajaolla varustettu COM-radio ei-kaupallisessa lentotoiminnassa. <\/p>\n<p>Saksan liikenneministeri\u00f6 on kuitenkin sit\u00e4 mielt\u00e4, ett\u00e4 Saksan C-ilmatilassa kaikilla lentokoneilla tulisi olla kaksi 8,33 kHz:n kanavajaolla varustettua COM-radioa. T\u00e4st\u00e4 syyst\u00e4 Saksan ilmatila FL100 yl\u00e4puolella (C-ilmatila) ja vilkkaimpien lentoasemien l\u00e4hestymisalueet, my\u00f6s C-ilmatilaa, eiv\u00e4t olisi en\u00e4\u00e4 yleisilmailukoneiden k\u00e4yt\u00f6ss\u00e4, vaikka ne olisi varustettu t\u00e4sm\u00e4lleen EU-asetuksen 1079\/2012 mukaisesti.<\/p>\n<p>Saksan AOPA on tiedustellut maan lentoturvallisuusviranomaiselta tulkintaa EU-asetuksesta 1079\/2012 jo viime vuoden maaliskuussa, mutta toistaiseksi he eiv\u00e4t ole antaneet sitovaa vastausta. Asian tulkintaan ei ole my\u00f6sk\u00e4\u00e4n Euroopan Komissio antanut viel\u00e4 selke\u00e4\u00e4 vastausta. Tilannetta vaikeuttaa my\u00f6s se, ett\u00e4 Saksan liikenneministeri\u00f6 aikoo ottaa oman tulkintansa k\u00e4ytt\u00f6\u00f6n ilman kuulemismenettely\u00e4, joka EU Komission mukaan tulee kest\u00e4\u00e4 v\u00e4hint\u00e4\u00e4n 12 viikkoa. Saksan AOPA ei hyv\u00e4ksy maan liikenneministeri\u00f6n tulkintaa, joka k\u00e4yt\u00e4nn\u00f6ss\u00e4 est\u00e4\u00e4 ei-kaupalliset IFR-operaatiot tietyill\u00e4 alueilla maan sis\u00e4ll\u00e4 vastoin Single European Sky:n perusajatusta.<\/p>","protected":false},"excerpt":{"rendered":"<p>EU-asetuksen 1079\/2012 mukaan ilma-alukset on varustettava 8,33 kHz:n kanavajaolla olevilla COM-radioilla l\u00e4hivuosina. IFR-lentoja suorittavilla koneilla m\u00e4\u00e4r\u00e4aika meni umpeen 31.12.2013, mik\u00e4li ne lent\u00e4v\u00e4t A-, B- ja C-ilmatiloissa. EU-direktiiviss\u00e4 vaaditaan koneeseen vain yksi 8,33 kHz:n kanavajaolla varustettu COM-radio ei-kaupallisessa lentotoiminnassa. Saksan liikenneministeri\u00f6 on kuitenkin sit\u00e4 mielt\u00e4, ett\u00e4 Saksan C-ilmatilassa kaikilla lentokoneilla tulisi olla kaksi 8,33 kHz:n kanavajaolla &hellip; <\/p>\n<p><a class=\"more-link btn\" href=\"http:\/\/www.smll.fi\/?p=722\">Jatka lukemista<\/a><\/p>\n","protected":false},"author":1,"featured_media":0,"comment_status":"closed","ping_status":"closed","sticky":false,"template":"","format":"standard","meta":{"footnotes":""},"categories":[2],"tags":[],"class_list":["post-722","post","type-post","status-publish","format-standard","hentry","category-yleinen","item-wrap"],"_links":{"self":[{"href":"http:\/\/www.smll.fi\/index.php?rest_route=\/wp\/v2\/posts\/722","targetHints":{"allow":["GET"]}}],"collection":[{"href":"http:\/\/www.smll.fi\/index.php?rest_route=\/wp\/v2\/posts"}],"about":[{"href":"http:\/\/www.smll.fi\/index.php?rest_route=\/wp\/v2\/types\/post"}],"author":[{"embeddable":true,"href":"http:\/\/www.smll.fi\/index.php?rest_route=\/wp\/v2\/users\/1"}],"replies":[{"embeddable":true,"href":"http:\/\/www.smll.fi\/index.php?rest_route=%2Fwp%2Fv2%2Fcomments&post=722"}],"version-history":[{"count":0,"href":"http:\/\/www.smll.fi\/index.php?rest_route=\/wp\/v2\/posts\/722\/revisions"}],"wp:attachment":[{"href":"http:\/\/www.smll.fi\/index.php?rest_route=%2Fwp%2Fv2%2Fmedia&parent=722"}],"wp:term":[{"taxonomy":"category","embeddable":true,"href":"http:\/\/www.smll.fi\/index.php?rest_route=%2Fwp%2Fv2%2Fcategories&post=722"},{"taxonomy":"post_tag","embeddable":true,"href":"http:\/\/www.smll.fi\/index.php?rest_route=%2Fwp%2Fv2%2Ftags&post=722"}],"curies":[{"name":"wp","href":"https:\/\/api.w.org\/{rel}","templated":true}]}}