{"id":2665,"date":"2020-09-26T16:24:02","date_gmt":"2020-09-26T16:24:02","guid":{"rendered":"http:\/\/www.smll.fi\/?p=2665"},"modified":"2020-10-17T19:03:12","modified_gmt":"2020-10-17T19:03:12","slug":"asiantuntijalausunto-liikenne-ja-viestintavaliokunnalle-u-space-saantely","status":"publish","type":"post","link":"http:\/\/www.smll.fi\/?p=2665","title":{"rendered":"Asiantuntijalausunto Liikenne- ja viestint\u00e4valiokunnalle &#8211; U-space-s\u00e4\u00e4ntely"},"content":{"rendered":"<p><img loading=\"lazy\" decoding=\"async\" class=\"size-full wp-image-2666 aligncenter\" src=\"http:\/\/www.smll.fi\/wp-content\/uploads\/2020\/09\/Eduskunta.png\" alt=\"\" width=\"365\" height=\"91\" \/><\/p>\n<p>Eduskunnan\u00a0 liikenne- ja viestint\u00e4valiokunta pyysi Suomen Moottorilent\u00e4jien Liitolta kirjallista asiantuntijalausuntoa\u00a0miehitt\u00e4m\u00e4tt\u00f6m\u00e4n ilmailun U-space-s\u00e4\u00e4ntelyst\u00e4.<\/p>\n<p>Suomen Moottorilent\u00e4jien Liiton kanta lausunnossa on yhtenev\u00e4 valtioneuvoston ja liikenne- ja viestint\u00e4valiokunnan kanssa U-spacen k\u00e4sitetteen tarkennuksen osalta siten, ett\u00e4 U-space olisi l\u00e4ht\u00f6kohtaisesti UAS-ilmatilavy\u00f6hykkeest\u00e4 erillinen ilmatilansa.<\/p>\n<p>Yksimielisyys vallitsee my\u00f6s siit\u00e4, ett\u00e4 miehitt\u00e4m\u00e4t\u00f6n ilmailu olisi kaikkien toimintakategorioiden osalta liitett\u00e4v\u00e4 Air Navigation Services Finland Oy:n\u00a0 lennonvarmistusj\u00e4rjestelm\u00e4\u00e4n nyt ehdotetun U-space-s\u00e4\u00e4ntelyn mukaisten erillisten palveluntarjoajien sijaan.<\/p>\n<p>Lausunto on j\u00e4senten luettavissa <a href=\"http:\/\/www.smll.fi\/forum\/viewtopic.php?f=7&amp;t=167#p295\">j\u00e4senforumilla<\/a>.<\/p>\n<p>&nbsp;<\/p>","protected":false},"excerpt":{"rendered":"<p>Eduskunnan\u00a0 liikenne- ja viestint\u00e4valiokunta pyysi Suomen Moottorilent\u00e4jien Liitolta kirjallista asiantuntijalausuntoa\u00a0miehitt\u00e4m\u00e4tt\u00f6m\u00e4n ilmailun U-space-s\u00e4\u00e4ntelyst\u00e4. Suomen Moottorilent\u00e4jien Liiton kanta lausunnossa on yhtenev\u00e4 valtioneuvoston ja liikenne- ja viestint\u00e4valiokunnan kanssa U-spacen k\u00e4sitetteen tarkennuksen osalta siten, ett\u00e4 U-space olisi l\u00e4ht\u00f6kohtaisesti UAS-ilmatilavy\u00f6hykkeest\u00e4 erillinen ilmatilansa. Yksimielisyys vallitsee my\u00f6s siit\u00e4, ett\u00e4 miehitt\u00e4m\u00e4t\u00f6n ilmailu olisi kaikkien toimintakategorioiden osalta liitett\u00e4v\u00e4 Air Navigation Services Finland Oy:n\u00a0 lennonvarmistusj\u00e4rjestelm\u00e4\u00e4n &hellip; <\/p>\n<p><a class=\"more-link btn\" href=\"http:\/\/www.smll.fi\/?p=2665\">Jatka lukemista<\/a><\/p>\n","protected":false},"author":2,"featured_media":0,"comment_status":"closed","ping_status":"closed","sticky":false,"template":"","format":"standard","meta":{"footnotes":""},"categories":[2],"tags":[],"class_list":["post-2665","post","type-post","status-publish","format-standard","hentry","category-yleinen","item-wrap"],"_links":{"self":[{"href":"http:\/\/www.smll.fi\/index.php?rest_route=\/wp\/v2\/posts\/2665","targetHints":{"allow":["GET"]}}],"collection":[{"href":"http:\/\/www.smll.fi\/index.php?rest_route=\/wp\/v2\/posts"}],"about":[{"href":"http:\/\/www.smll.fi\/index.php?rest_route=\/wp\/v2\/types\/post"}],"author":[{"embeddable":true,"href":"http:\/\/www.smll.fi\/index.php?rest_route=\/wp\/v2\/users\/2"}],"replies":[{"embeddable":true,"href":"http:\/\/www.smll.fi\/index.php?rest_route=%2Fwp%2Fv2%2Fcomments&post=2665"}],"version-history":[{"count":1,"href":"http:\/\/www.smll.fi\/index.php?rest_route=\/wp\/v2\/posts\/2665\/revisions"}],"predecessor-version":[{"id":2714,"href":"http:\/\/www.smll.fi\/index.php?rest_route=\/wp\/v2\/posts\/2665\/revisions\/2714"}],"wp:attachment":[{"href":"http:\/\/www.smll.fi\/index.php?rest_route=%2Fwp%2Fv2%2Fmedia&parent=2665"}],"wp:term":[{"taxonomy":"category","embeddable":true,"href":"http:\/\/www.smll.fi\/index.php?rest_route=%2Fwp%2Fv2%2Fcategories&post=2665"},{"taxonomy":"post_tag","embeddable":true,"href":"http:\/\/www.smll.fi\/index.php?rest_route=%2Fwp%2Fv2%2Ftags&post=2665"}],"curies":[{"name":"wp","href":"https:\/\/api.w.org\/{rel}","templated":true}]}}