{"id":2467,"date":"2019-11-17T14:32:38","date_gmt":"2019-11-17T11:32:38","guid":{"rendered":"http:\/\/www.smll.fi\/?p=2467"},"modified":"2019-11-17T14:32:38","modified_gmt":"2019-11-17T11:32:38","slug":"easa-annual-safety-conference-helsingissa-4-5-11-2019","status":"publish","type":"post","link":"http:\/\/www.smll.fi\/?p=2467","title":{"rendered":"EASA Annual Safety Conference Helsingiss\u00e4 4.-5.11.2019"},"content":{"rendered":"<p><a href=\"http:\/\/www.smll.fi\/wp-content\/uploads\/2018\/08\/logo_EASA.png\"><img loading=\"lazy\" decoding=\"async\" class=\"aligncenter size-full wp-image-2108\" src=\"http:\/\/www.smll.fi\/wp-content\/uploads\/2018\/08\/logo_EASA.png\" alt=\"\" width=\"250\" height=\"84\" \/><\/a><\/p>\n<p>Vuotuinen EASA Annual Safety Conference pidettiin t\u00e4n\u00e4 vuonna Helsingiss\u00e4 4.-5.11.2019. Ensimm\u00e4ist\u00e4 kertaa k\u00e4siteltiin kaupallisen ilmakuljetuksen turvallisuusn\u00e4k\u00f6kohtia.<\/p>\n<p>Konferenssi j\u00e4rjestettiin yhteisty\u00f6n\u00e4 Suomen liikenne- ja turvallisuusviraston, Traficom, ja Euroopan Unionin lentoturvallisuusviraston, EASA, kanssa Suomen EU-puheenjohtajakauteen, 1.7.\u201331.12.2019, liittyv\u00e4n\u00e4 yhten\u00e4 tapahtumana.<\/p>\n<p>Tilaisuuden esitykset ja demonstraatiot katsottavissa EASAn verkkosivuilla <a href=\"https:\/\/easa.cmail19.com\/t\/d-l-xihoit-vuyhhlii-y\/\">tapahtumaan liittyvill\u00e4 sivuilla<\/a>.<\/p>\n<p>Videoidut keskustelut ovat n\u00e4ht\u00e4viss\u00e4<a href=\"https:\/\/easa.cmail19.com\/t\/d-l-xihoit-vuyhhlii-j\/\"> EASAn YouTube-sivuilla<\/a> l\u00e4hip\u00e4ivin\u00e4 kuten my\u00f6s <a href=\"https:\/\/www.easa.europa.eu\/newsroom-and-events\/press-releases\/easa-annual-safety-conference-warns-against-complacency-over\">lehdist\u00f6tiedote<\/a>.<\/p>\n<p>Suomen Moottorilent\u00e4jien Liiton edustaja oli konferenssissa mukana molempina p\u00e4ivin\u00e4 osallistuen keskusteluihin muiden osanottajien kanssa.<\/p>\n<p>&nbsp;<\/p>","protected":false},"excerpt":{"rendered":"<p>Vuotuinen EASA Annual Safety Conference pidettiin t\u00e4n\u00e4 vuonna Helsingiss\u00e4 4.-5.11.2019. Ensimm\u00e4ist\u00e4 kertaa k\u00e4siteltiin kaupallisen ilmakuljetuksen turvallisuusn\u00e4k\u00f6kohtia. Konferenssi j\u00e4rjestettiin yhteisty\u00f6n\u00e4 Suomen liikenne- ja turvallisuusviraston, Traficom, ja Euroopan Unionin lentoturvallisuusviraston, EASA, kanssa Suomen EU-puheenjohtajakauteen, 1.7.\u201331.12.2019, liittyv\u00e4n\u00e4 yhten\u00e4 tapahtumana. Tilaisuuden esitykset ja demonstraatiot katsottavissa EASAn verkkosivuilla tapahtumaan liittyvill\u00e4 sivuilla. Videoidut keskustelut ovat n\u00e4ht\u00e4viss\u00e4 EASAn YouTube-sivuilla l\u00e4hip\u00e4ivin\u00e4 kuten my\u00f6s &hellip; <\/p>\n<p><a class=\"more-link btn\" href=\"http:\/\/www.smll.fi\/?p=2467\">Jatka lukemista<\/a><\/p>\n","protected":false},"author":1,"featured_media":0,"comment_status":"closed","ping_status":"closed","sticky":false,"template":"","format":"standard","meta":{"footnotes":""},"categories":[2],"tags":[],"class_list":["post-2467","post","type-post","status-publish","format-standard","hentry","category-yleinen","item-wrap"],"_links":{"self":[{"href":"http:\/\/www.smll.fi\/index.php?rest_route=\/wp\/v2\/posts\/2467","targetHints":{"allow":["GET"]}}],"collection":[{"href":"http:\/\/www.smll.fi\/index.php?rest_route=\/wp\/v2\/posts"}],"about":[{"href":"http:\/\/www.smll.fi\/index.php?rest_route=\/wp\/v2\/types\/post"}],"author":[{"embeddable":true,"href":"http:\/\/www.smll.fi\/index.php?rest_route=\/wp\/v2\/users\/1"}],"replies":[{"embeddable":true,"href":"http:\/\/www.smll.fi\/index.php?rest_route=%2Fwp%2Fv2%2Fcomments&post=2467"}],"version-history":[{"count":0,"href":"http:\/\/www.smll.fi\/index.php?rest_route=\/wp\/v2\/posts\/2467\/revisions"}],"wp:attachment":[{"href":"http:\/\/www.smll.fi\/index.php?rest_route=%2Fwp%2Fv2%2Fmedia&parent=2467"}],"wp:term":[{"taxonomy":"category","embeddable":true,"href":"http:\/\/www.smll.fi\/index.php?rest_route=%2Fwp%2Fv2%2Fcategories&post=2467"},{"taxonomy":"post_tag","embeddable":true,"href":"http:\/\/www.smll.fi\/index.php?rest_route=%2Fwp%2Fv2%2Ftags&post=2467"}],"curies":[{"name":"wp","href":"https:\/\/api.w.org\/{rel}","templated":true}]}}