{"id":2027,"date":"2018-03-21T22:24:36","date_gmt":"2018-03-21T19:24:36","guid":{"rendered":"http:\/\/www.smll.fi\/?p=2027"},"modified":"2018-03-21T22:24:36","modified_gmt":"2018-03-21T19:24:36","slug":"ilmailijoiden-saailta-2018","status":"publish","type":"post","link":"http:\/\/www.smll.fi\/?p=2027","title":{"rendered":"Ilmailijoiden s\u00e4\u00e4ilta 2018"},"content":{"rendered":"<p><img decoding=\"async\" src=\"http:\/\/ilmatieteenlaitos.fi\/documents\/30106\/39009\/Ilmailijoisen+sa%CC%88a%CC%88ilta+2018.jpg\/2b3b5ba2-512f-48fc-9a27-5a74630c4e13?t=1521035678731\" alt=\"Ilmailijoiden s\u00e4\u00e4ilta\" \/><br \/>\n<strong>Ilmatieteen laitos j\u00e4rjest\u00e4\u00e4 kaikille avoimen Ilmailijoiden s\u00e4\u00e4illan tiistaina 8.5.2018 klo 17.00 alkaen toimitalossaan Helsingin Kumpulassa.<\/strong><\/p>\n<p>Tilaisuuden alustava ohjelma alla.<\/p>\n<ul>\n<li>Ilmarin esittely ja tilannekuva<\/li>\n<li>Erityisi\u00e4 s\u00e4\u00e4tilanteita lent\u00e4j\u00e4n kannalta<\/li>\n<li>LLF-tuotteen esittely<\/li>\n<li>Trafin puheenvuoro<\/li>\n<li>IL:n Lentos\u00e4\u00e4n uuden organisaation esittely<\/li>\n<li>Keskustelua<\/li>\n<\/ul>\n<p><strong><a class=\"ext-link\" href=\"https:\/\/www.lyyti.fi\/reg\/ilmailijoiden_saailta\">Ilmoittaudu mukaan t\u00e4st\u00e4 linkist\u00e4 !<\/a><\/strong><\/p>\n<p>Ilmoittauduthan 6.5.2018 menness\u00e4.<\/p>","protected":false},"excerpt":{"rendered":"<p>Ilmatieteen laitos j\u00e4rjest\u00e4\u00e4 kaikille avoimen Ilmailijoiden s\u00e4\u00e4illan tiistaina 8.5.2018 klo 17.00 alkaen toimitalossaan Helsingin Kumpulassa. Tilaisuuden alustava ohjelma alla. Ilmarin esittely ja tilannekuva Erityisi\u00e4 s\u00e4\u00e4tilanteita lent\u00e4j\u00e4n kannalta LLF-tuotteen esittely Trafin puheenvuoro IL:n Lentos\u00e4\u00e4n uuden organisaation esittely Keskustelua Ilmoittaudu mukaan t\u00e4st\u00e4 linkist\u00e4 ! Ilmoittauduthan 6.5.2018 menness\u00e4.<\/p>\n","protected":false},"author":1,"featured_media":0,"comment_status":"closed","ping_status":"closed","sticky":false,"template":"","format":"standard","meta":{"footnotes":""},"categories":[2],"tags":[],"class_list":["post-2027","post","type-post","status-publish","format-standard","hentry","category-yleinen","item-wrap"],"_links":{"self":[{"href":"http:\/\/www.smll.fi\/index.php?rest_route=\/wp\/v2\/posts\/2027","targetHints":{"allow":["GET"]}}],"collection":[{"href":"http:\/\/www.smll.fi\/index.php?rest_route=\/wp\/v2\/posts"}],"about":[{"href":"http:\/\/www.smll.fi\/index.php?rest_route=\/wp\/v2\/types\/post"}],"author":[{"embeddable":true,"href":"http:\/\/www.smll.fi\/index.php?rest_route=\/wp\/v2\/users\/1"}],"replies":[{"embeddable":true,"href":"http:\/\/www.smll.fi\/index.php?rest_route=%2Fwp%2Fv2%2Fcomments&post=2027"}],"version-history":[{"count":0,"href":"http:\/\/www.smll.fi\/index.php?rest_route=\/wp\/v2\/posts\/2027\/revisions"}],"wp:attachment":[{"href":"http:\/\/www.smll.fi\/index.php?rest_route=%2Fwp%2Fv2%2Fmedia&parent=2027"}],"wp:term":[{"taxonomy":"category","embeddable":true,"href":"http:\/\/www.smll.fi\/index.php?rest_route=%2Fwp%2Fv2%2Fcategories&post=2027"},{"taxonomy":"post_tag","embeddable":true,"href":"http:\/\/www.smll.fi\/index.php?rest_route=%2Fwp%2Fv2%2Ftags&post=2027"}],"curies":[{"name":"wp","href":"https:\/\/api.w.org\/{rel}","templated":true}]}}