{"id":1662,"date":"2016-12-18T13:48:50","date_gmt":"2016-12-18T10:48:50","guid":{"rendered":"http:\/\/www.smll.fi\/?p=1662"},"modified":"2016-12-18T13:48:50","modified_gmt":"2016-12-18T10:48:50","slug":"trafin-paatokset-viikolla-50","status":"publish","type":"post","link":"http:\/\/www.smll.fi\/?p=1662","title":{"rendered":"Trafin p\u00e4\u00e4t\u00f6kset viikolla 50"},"content":{"rendered":"<p><\/p>\n<h2>P\u00e4\u00e4t\u00f6s Helsinki-Malmin (EFHF) CTR-ilmatilan poistamisesta<\/h2>\n<p>Liikenteen turvallisuusvirasto Trafi poistaa Helsinki-Malmin (EFHF) CTR-ilmatilan. <a href=\"http:\/\/www.smll.fi\/wp-content\/uploads\/2016\/12\/P\u00e4\u00e4t\u00f6s-Helsinki-Malmin-EFHF-CTR-ilmatilan-poistamisesta.pdf\" target=\"_blank\" rel=\"noopener noreferrer\">P\u00e4\u00e4t\u00f6s <\/a>astuu voimaan 1.1.2017 klo 00:00. EFHF CTR-ilmatila poistetaan koska ilmaliikennepalvelua tarjoava Finavia luopuu ilmaliikennepalvelun suorittamisesta Helsinki-Malmin l\u00e4hialueella.<\/p>\n<h2>P\u00e4\u00e4t\u00f6s tilap\u00e4isen rajoitusalueen EFR306 &#8211; PAROLA perustamisesta<\/h2>\n<p>Liikenteen turvallisuusvirasto Trafi hyv\u00e4ksyi Ilmavoimien esikunnan esityksen tilap\u00e4isest\u00e4 rajoitusalueesta <a href=\"http:\/\/www.smll.fi\/wp-content\/uploads\/2016\/12\/P\u00e4\u00e4t\u00f6s-EFR306-PAROLA4675.pdf\" target=\"_blank\" rel=\"noopener noreferrer\">EFR306 &#8211; PAROLA<\/a>.<\/p>\n<h2>P\u00e4\u00e4t\u00f6s tilap\u00e4isen rajoitusalueen EFR307 &#8211; PAROLA perustamisesta<\/h2>\n<p>Liikenteen turvallisuusvirasto Trafi hyv\u00e4ksyi Ilmavoimien esikunnan esityksen tilap\u00e4isest\u00e4 rajoitusalueesta <a href=\"http:\/\/www.smll.fi\/wp-content\/uploads\/2016\/12\/P\u00e4\u00e4t\u00f6s-EFR307-PAROLA4676.pdf\" target=\"_blank\" rel=\"noopener noreferrer\"><u><span style=\"color: #0066cc;\">EFR307- PAROLA<\/span><\/u>.<\/a><\/p>\n<h2>P\u00e4\u00e4t\u00f6s tilap\u00e4isen rajoitusalueen EFR310 &#8211; LOHTAJA perustamisesta<\/h2>\n<p>Liikenteen turvallisuusvirasto Trafi hyv\u00e4ksyi Patria Land Systems Oy:n esityksen tilap\u00e4isest\u00e4 rajoitusalueesta <a href=\"http:\/\/www.smll.fi\/wp-content\/uploads\/2016\/12\/P\u00e4\u00e4t\u00f6s-EFR310-LOHTAJA4673.pdf\" target=\"_blank\" rel=\"noopener noreferrer\">EFR310 &#8211; LOHTAJA<\/a>.<\/p>\n<h2>P\u00e4\u00e4t\u00f6s tilap\u00e4isen vaara-alueen EFD405 &#8211; LAPPEENRANTA perustamisesta<\/h2>\n<p>Liikenteen turvallisuusvirasto Trafi\u00a0jatkaa ilmailun\u00a0tilap\u00e4isen vaara-alueen <a href=\"http:\/\/www.smll.fi\/wp-content\/uploads\/2016\/12\/P\u00e4\u00e4t\u00f6s-EFD405-LAPPEENRANTA4678.pdf\" target=\"_blank\" rel=\"noopener noreferrer\">EFD405 &#8211; LAPPEENRANTA <\/a>voimassaoloa vuodelle 2017 Nordkalk Corporationin kaivosalueen r\u00e4j\u00e4ytyksist\u00e4 varoittamiseksi.<\/p>\n<h2><\/h2>\n<p><\/p>","protected":false},"excerpt":{"rendered":"<p>P\u00e4\u00e4t\u00f6s Helsinki-Malmin (EFHF) CTR-ilmatilan poistamisesta Liikenteen turvallisuusvirasto Trafi poistaa Helsinki-Malmin (EFHF) CTR-ilmatilan. P\u00e4\u00e4t\u00f6s astuu voimaan 1.1.2017 klo 00:00. EFHF CTR-ilmatila poistetaan koska ilmaliikennepalvelua tarjoava Finavia luopuu ilmaliikennepalvelun suorittamisesta Helsinki-Malmin l\u00e4hialueella. P\u00e4\u00e4t\u00f6s tilap\u00e4isen rajoitusalueen EFR306 &#8211; PAROLA perustamisesta Liikenteen turvallisuusvirasto Trafi hyv\u00e4ksyi Ilmavoimien esikunnan esityksen tilap\u00e4isest\u00e4 rajoitusalueesta EFR306 &#8211; PAROLA. P\u00e4\u00e4t\u00f6s tilap\u00e4isen rajoitusalueen EFR307 &#8211; PAROLA &hellip; <\/p>\n<p><a class=\"more-link btn\" href=\"http:\/\/www.smll.fi\/?p=1662\">Jatka lukemista<\/a><\/p>\n","protected":false},"author":1,"featured_media":0,"comment_status":"closed","ping_status":"closed","sticky":false,"template":"","format":"standard","meta":{"footnotes":""},"categories":[2],"tags":[],"class_list":["post-1662","post","type-post","status-publish","format-standard","hentry","category-yleinen","item-wrap"],"_links":{"self":[{"href":"http:\/\/www.smll.fi\/index.php?rest_route=\/wp\/v2\/posts\/1662","targetHints":{"allow":["GET"]}}],"collection":[{"href":"http:\/\/www.smll.fi\/index.php?rest_route=\/wp\/v2\/posts"}],"about":[{"href":"http:\/\/www.smll.fi\/index.php?rest_route=\/wp\/v2\/types\/post"}],"author":[{"embeddable":true,"href":"http:\/\/www.smll.fi\/index.php?rest_route=\/wp\/v2\/users\/1"}],"replies":[{"embeddable":true,"href":"http:\/\/www.smll.fi\/index.php?rest_route=%2Fwp%2Fv2%2Fcomments&post=1662"}],"version-history":[{"count":0,"href":"http:\/\/www.smll.fi\/index.php?rest_route=\/wp\/v2\/posts\/1662\/revisions"}],"wp:attachment":[{"href":"http:\/\/www.smll.fi\/index.php?rest_route=%2Fwp%2Fv2%2Fmedia&parent=1662"}],"wp:term":[{"taxonomy":"category","embeddable":true,"href":"http:\/\/www.smll.fi\/index.php?rest_route=%2Fwp%2Fv2%2Fcategories&post=1662"},{"taxonomy":"post_tag","embeddable":true,"href":"http:\/\/www.smll.fi\/index.php?rest_route=%2Fwp%2Fv2%2Ftags&post=1662"}],"curies":[{"name":"wp","href":"https:\/\/api.w.org\/{rel}","templated":true}]}}